{"id":355,"date":"2013-09-18T15:13:47","date_gmt":"2013-09-18T13:13:47","guid":{"rendered":"http:\/\/fcsjori.umh.es\/?p=355"},"modified":"2013-09-18T15:13:47","modified_gmt":"2013-09-18T13:13:47","slug":"curso-de-verano-ii-jornadas-de-gobernanza-y-gestion-publica-en-tiempos-de-incertidumbre","status":"publish","type":"post","link":"https:\/\/fcsjori.umh.es\/ca\/2013\/09\/18\/curso-de-verano-ii-jornadas-de-gobernanza-y-gestion-publica-en-tiempos-de-incertidumbre\/","title":{"rendered":"<span lang=\"es\">(Espa\u00f1ol) Curso de Verano &#8220;II Jornadas de Gobernanza y Gesti\u00f3n P\u00fablica en Tiempos de Incertidumbre&#8221;<\/span>"},"content":{"rendered":"<p class=\"qtranxs-available-languages-message qtranxs-available-languages-message-ca\">Ho sentim, aquesta entrada es troba disponible \u00fanicament en <a href=\"https:\/\/fcsjori.umh.es\/es\/wp-json\/wp\/v2\/posts\/355\" class=\"qtranxs-available-language-link qtranxs-available-language-link-es\" title=\"Espa\u00f1ol\">Espanyol Europeu<\/a>.<\/p>","protected":false},"excerpt":{"rendered":"<p>Ho sentim, aquesta entrada es troba disponible \u00fanicament en Espanyol Europeu.<\/p>\n","protected":false},"author":167,"featured_media":0,"comment_status":"closed","ping_status":"open","sticky":false,"template":"","format":"standard","meta":{"_links_to":"","_links_to_target":""},"categories":[1],"tags":[],"_links":{"self":[{"href":"https:\/\/fcsjori.umh.es\/ca\/wp-json\/wp\/v2\/posts\/355"}],"collection":[{"href":"https:\/\/fcsjori.umh.es\/ca\/wp-json\/wp\/v2\/posts"}],"about":[{"href":"https:\/\/fcsjori.umh.es\/ca\/wp-json\/wp\/v2\/types\/post"}],"author":[{"embeddable":true,"href":"https:\/\/fcsjori.umh.es\/ca\/wp-json\/wp\/v2\/users\/167"}],"replies":[{"embeddable":true,"href":"https:\/\/fcsjori.umh.es\/ca\/wp-json\/wp\/v2\/comments?post=355"}],"version-history":[{"count":0,"href":"https:\/\/fcsjori.umh.es\/ca\/wp-json\/wp\/v2\/posts\/355\/revisions"}],"wp:attachment":[{"href":"https:\/\/fcsjori.umh.es\/ca\/wp-json\/wp\/v2\/media?parent=355"}],"wp:term":[{"taxonomy":"category","embeddable":true,"href":"https:\/\/fcsjori.umh.es\/ca\/wp-json\/wp\/v2\/categories?post=355"},{"taxonomy":"post_tag","embeddable":true,"href":"https:\/\/fcsjori.umh.es\/ca\/wp-json\/wp\/v2\/tags?post=355"}],"curies":[{"name":"wp","href":"https:\/\/api.w.org\/{rel}","templated":true}]}}