{"id":635,"date":"2015-01-07T19:22:41","date_gmt":"2015-01-07T18:22:41","guid":{"rendered":"http:\/\/fcsjori.umh.es\/?p=635"},"modified":"2015-01-12T17:32:21","modified_gmt":"2015-01-12T16:32:21","slug":"seminario-la-caida-del-muro-de-berlin-25-anos-despues-repensando-la-guerra-fria","status":"publish","type":"post","link":"https:\/\/fcsjori.umh.es\/en\/2015\/01\/07\/seminario-la-caida-del-muro-de-berlin-25-anos-despues-repensando-la-guerra-fria\/","title":{"rendered":"<span lang=\"es\">(Espa\u00f1ol) SEMINARIO &#8220;LA CA\u00cdDA DEL MURO DE BERL\u00cdN. 25 A\u00d1OS DESPU\u00c9S. REPENSANDO LA GUERRA FR\u00cdA\u201d<\/span>"},"content":{"rendered":"<p class=\"qtranxs-available-languages-message qtranxs-available-languages-message-en\">Sorry, this entry is only available in <a href=\"https:\/\/fcsjori.umh.es\/es\/wp-json\/wp\/v2\/posts\/635\" class=\"qtranxs-available-language-link qtranxs-available-language-link-es\" title=\"Espa\u00f1ol\">European Spanish<\/a>.<\/p>","protected":false},"excerpt":{"rendered":"<p>Sorry, this entry is only available in European Spanish.<\/p>\n","protected":false},"author":167,"featured_media":0,"comment_status":"closed","ping_status":"open","sticky":false,"template":"","format":"standard","meta":{"_links_to":"","_links_to_target":""},"categories":[1],"tags":[],"_links":{"self":[{"href":"https:\/\/fcsjori.umh.es\/en\/wp-json\/wp\/v2\/posts\/635"}],"collection":[{"href":"https:\/\/fcsjori.umh.es\/en\/wp-json\/wp\/v2\/posts"}],"about":[{"href":"https:\/\/fcsjori.umh.es\/en\/wp-json\/wp\/v2\/types\/post"}],"author":[{"embeddable":true,"href":"https:\/\/fcsjori.umh.es\/en\/wp-json\/wp\/v2\/users\/167"}],"replies":[{"embeddable":true,"href":"https:\/\/fcsjori.umh.es\/en\/wp-json\/wp\/v2\/comments?post=635"}],"version-history":[{"count":0,"href":"https:\/\/fcsjori.umh.es\/en\/wp-json\/wp\/v2\/posts\/635\/revisions"}],"wp:attachment":[{"href":"https:\/\/fcsjori.umh.es\/en\/wp-json\/wp\/v2\/media?parent=635"}],"wp:term":[{"taxonomy":"category","embeddable":true,"href":"https:\/\/fcsjori.umh.es\/en\/wp-json\/wp\/v2\/categories?post=635"},{"taxonomy":"post_tag","embeddable":true,"href":"https:\/\/fcsjori.umh.es\/en\/wp-json\/wp\/v2\/tags?post=635"}],"curies":[{"name":"wp","href":"https:\/\/api.w.org\/{rel}","templated":true}]}}